{"id":1216,"date":"2024-07-08T08:48:48","date_gmt":"2024-07-08T05:48:48","guid":{"rendered":"https:\/\/soitannollinenkerho.com\/wordpress\/?p=1216"},"modified":"2024-12-23T07:29:52","modified_gmt":"2024-12-23T04:29:52","slug":"1216","status":"publish","type":"post","link":"http:\/\/soitannollinenkerho.com\/wordpress\/?p=1216","title":{"rendered":""},"content":{"rendered":"\n<p class=\"has-text-align-center has-black-color has-luminous-vivid-amber-background-color has-text-color has-background has-link-color has-medium-font-size wp-elements-4547c0772f04f09f2782179213eb3833\"><strong>SOITANNOLLISEN KERHON KES\u00c4\u00c4 KIRJASTONPIHALLA 2024<\/strong> <\/p>\n\n\n\n<p class=\"has-black-color has-luminous-vivid-amber-background-color has-text-color has-background has-link-color has-medium-font-size wp-elements-a48c0bc0a2466f76f7b121a81ec5e018\">Kes\u00e4kausi p\u00e4\u00e4tettiin tiistaina 20.8.2024 Katutanssien merkeiss\u00e4 ja hieman haikeissa merkeiss\u00e4, koska tied\u00e4mme ett\u00e4 kest\u00e4\u00e4 tovin aikaa ensi kes\u00e4\u00e4n&#8230;<\/p>\n\n\n\n<p class=\"has-luminous-vivid-amber-background-color has-background has-medium-font-size\">Tanssittajina Taina Laiho ja Anne-Marie Tuominen, sek\u00e4 yll\u00e4tysvieraana suoraan saaristosta Eero Laiho.<\/p>\n\n\n\n<figure class=\"wp-block-image size-large\"><img loading=\"lazy\" decoding=\"async\" width=\"703\" height=\"1024\" src=\"https:\/\/soitannollinenkerho.com\/wordpress\/wp-content\/uploads\/20240820_172710-1300xx-703x1024.jpg\" alt=\"\" class=\"wp-image-1464\" srcset=\"http:\/\/soitannollinenkerho.com\/wordpress\/wp-content\/uploads\/20240820_172710-1300xx-703x1024.jpg 703w, http:\/\/soitannollinenkerho.com\/wordpress\/wp-content\/uploads\/20240820_172710-1300xx-206x300.jpg 206w, http:\/\/soitannollinenkerho.com\/wordpress\/wp-content\/uploads\/20240820_172710-1300xx-768x1119.jpg 768w, http:\/\/soitannollinenkerho.com\/wordpress\/wp-content\/uploads\/20240820_172710-1300xx.jpg 892w\" sizes=\"auto, (max-width: 703px) 100vw, 703px\" \/><\/figure>\n\n\n\n<figure class=\"wp-block-image size-large\"><img loading=\"lazy\" decoding=\"async\" width=\"1024\" height=\"670\" src=\"https:\/\/soitannollinenkerho.com\/wordpress\/wp-content\/uploads\/20240820_172453-1200xx-1-1024x670.jpg\" alt=\"\" class=\"wp-image-1463\" srcset=\"http:\/\/soitannollinenkerho.com\/wordpress\/wp-content\/uploads\/20240820_172453-1200xx-1-1024x670.jpg 1024w, http:\/\/soitannollinenkerho.com\/wordpress\/wp-content\/uploads\/20240820_172453-1200xx-1-300x196.jpg 300w, http:\/\/soitannollinenkerho.com\/wordpress\/wp-content\/uploads\/20240820_172453-1200xx-1-768x503.jpg 768w, http:\/\/soitannollinenkerho.com\/wordpress\/wp-content\/uploads\/20240820_172453-1200xx-1.jpg 1228w\" sizes=\"auto, (max-width: 1024px) 100vw, 1024px\" \/><\/figure>\n\n\n\n<figure class=\"wp-block-image size-large\"><img loading=\"lazy\" decoding=\"async\" width=\"1024\" height=\"660\" src=\"https:\/\/soitannollinenkerho.com\/wordpress\/wp-content\/uploads\/20240820_172725-1200xx-1024x660.jpg\" alt=\"\" class=\"wp-image-1462\" srcset=\"http:\/\/soitannollinenkerho.com\/wordpress\/wp-content\/uploads\/20240820_172725-1200xx-1024x660.jpg 1024w, http:\/\/soitannollinenkerho.com\/wordpress\/wp-content\/uploads\/20240820_172725-1200xx-300x193.jpg 300w, http:\/\/soitannollinenkerho.com\/wordpress\/wp-content\/uploads\/20240820_172725-1200xx-768x495.jpg 768w, http:\/\/soitannollinenkerho.com\/wordpress\/wp-content\/uploads\/20240820_172725-1200xx.jpg 1228w\" sizes=\"auto, (max-width: 1024px) 100vw, 1024px\" \/><\/figure>\n\n\n\n<figure class=\"wp-block-image size-large\"><img loading=\"lazy\" decoding=\"async\" width=\"1024\" height=\"675\" src=\"https:\/\/soitannollinenkerho.com\/wordpress\/wp-content\/uploads\/20240820_171949-1200xx-1024x675.jpg\" alt=\"\" class=\"wp-image-1460\" srcset=\"http:\/\/soitannollinenkerho.com\/wordpress\/wp-content\/uploads\/20240820_171949-1200xx-1024x675.jpg 1024w, http:\/\/soitannollinenkerho.com\/wordpress\/wp-content\/uploads\/20240820_171949-1200xx-300x198.jpg 300w, http:\/\/soitannollinenkerho.com\/wordpress\/wp-content\/uploads\/20240820_171949-1200xx-768x506.jpg 768w, http:\/\/soitannollinenkerho.com\/wordpress\/wp-content\/uploads\/20240820_171949-1200xx.jpg 1232w\" sizes=\"auto, (max-width: 1024px) 100vw, 1024px\" \/><\/figure>\n\n\n\n<figure class=\"wp-block-image size-large\"><img loading=\"lazy\" decoding=\"async\" width=\"1024\" height=\"635\" src=\"https:\/\/soitannollinenkerho.com\/wordpress\/wp-content\/uploads\/20240820_171923-1200xx-1024x635.jpg\" alt=\"\" class=\"wp-image-1459\" srcset=\"http:\/\/soitannollinenkerho.com\/wordpress\/wp-content\/uploads\/20240820_171923-1200xx-1024x635.jpg 1024w, http:\/\/soitannollinenkerho.com\/wordpress\/wp-content\/uploads\/20240820_171923-1200xx-300x186.jpg 300w, http:\/\/soitannollinenkerho.com\/wordpress\/wp-content\/uploads\/20240820_171923-1200xx-768x477.jpg 768w, http:\/\/soitannollinenkerho.com\/wordpress\/wp-content\/uploads\/20240820_171923-1200xx.jpg 1133w\" sizes=\"auto, (max-width: 1024px) 100vw, 1024px\" \/><\/figure>\n\n\n\n<figure class=\"wp-block-image size-large\"><img loading=\"lazy\" decoding=\"async\" width=\"1024\" height=\"524\" src=\"https:\/\/soitannollinenkerho.com\/wordpress\/wp-content\/uploads\/20240820_175613-1200xx-1024x524.jpg\" alt=\"\" class=\"wp-image-1470\" srcset=\"http:\/\/soitannollinenkerho.com\/wordpress\/wp-content\/uploads\/20240820_175613-1200xx-1024x524.jpg 1024w, http:\/\/soitannollinenkerho.com\/wordpress\/wp-content\/uploads\/20240820_175613-1200xx-300x153.jpg 300w, http:\/\/soitannollinenkerho.com\/wordpress\/wp-content\/uploads\/20240820_175613-1200xx-768x393.jpg 768w, http:\/\/soitannollinenkerho.com\/wordpress\/wp-content\/uploads\/20240820_175613-1200xx.jpg 1220w\" sizes=\"auto, (max-width: 1024px) 100vw, 1024px\" \/><\/figure>\n\n\n\n<p class=\"has-luminous-vivid-amber-background-color has-background has-medium-font-size\">Yhteislaulujen kes\u00e4kauden 19.8. p\u00e4\u00e4t\u00f6s sai kirjastopihan t\u00e4yteen laulajia. Yleis\u00f6\u00e4 laulattivat TSK Band &amp; &#8221;Wanhat barrat&#8221; Aulis Kotaviita, sek\u00e4 Merja Lehtinen, Terttu Honkaranta, Pentti Vatanen, Pertti Tamminen Marjut Raitio ja Jesse Lemmetyinen.<\/p>\n\n\n\n<figure class=\"wp-block-embed is-type-video is-provider-youtube wp-block-embed-youtube wp-embed-aspect-16-9 wp-has-aspect-ratio\"><div class=\"wp-block-embed__wrapper\">\n<iframe loading=\"lazy\" title=\"Yhteislaulut 19.8.2024\" width=\"1170\" height=\"658\" src=\"https:\/\/www.youtube.com\/embed\/PExGPJeHRcc?feature=oembed\" frameborder=\"0\" allow=\"accelerometer; autoplay; clipboard-write; encrypted-media; gyroscope; picture-in-picture; web-share\" referrerpolicy=\"strict-origin-when-cross-origin\" allowfullscreen><\/iframe>\n<\/div><\/figure>\n\n\n\n<p class=\"has-luminous-vivid-amber-background-color has-background has-medium-font-size\">Katutansseissa 13.8.2024 ihastuttavia s\u00e4veli\u00e4 kelpasi tanssia ja my\u00f6s kuunnella&#8230; Evergreens eli Ikivihre\u00e4t esiintyi.<\/p>\n\n\n\n<figure class=\"wp-block-image size-large\"><img loading=\"lazy\" decoding=\"async\" width=\"1024\" height=\"502\" src=\"https:\/\/soitannollinenkerho.com\/wordpress\/wp-content\/uploads\/JL4_3761-1300xk-1024x502.jpg\" alt=\"\" class=\"wp-image-1432\" srcset=\"http:\/\/soitannollinenkerho.com\/wordpress\/wp-content\/uploads\/JL4_3761-1300xk-1024x502.jpg 1024w, http:\/\/soitannollinenkerho.com\/wordpress\/wp-content\/uploads\/JL4_3761-1300xk-300x147.jpg 300w, http:\/\/soitannollinenkerho.com\/wordpress\/wp-content\/uploads\/JL4_3761-1300xk-768x376.jpg 768w, http:\/\/soitannollinenkerho.com\/wordpress\/wp-content\/uploads\/JL4_3761-1300xk.jpg 1328w\" sizes=\"auto, (max-width: 1024px) 100vw, 1024px\" \/><\/figure>\n\n\n\n<figure class=\"wp-block-image size-large\"><img loading=\"lazy\" decoding=\"async\" width=\"1024\" height=\"587\" src=\"https:\/\/soitannollinenkerho.com\/wordpress\/wp-content\/uploads\/20240813_173716-1200xk-1024x587.jpg\" alt=\"\" class=\"wp-image-1433\" srcset=\"http:\/\/soitannollinenkerho.com\/wordpress\/wp-content\/uploads\/20240813_173716-1200xk-1024x587.jpg 1024w, http:\/\/soitannollinenkerho.com\/wordpress\/wp-content\/uploads\/20240813_173716-1200xk-300x172.jpg 300w, http:\/\/soitannollinenkerho.com\/wordpress\/wp-content\/uploads\/20240813_173716-1200xk-768x440.jpg 768w, http:\/\/soitannollinenkerho.com\/wordpress\/wp-content\/uploads\/20240813_173716-1200xk.jpg 1230w\" sizes=\"auto, (max-width: 1024px) 100vw, 1024px\" \/><\/figure>\n\n\n\n<figure class=\"wp-block-image size-large\"><img loading=\"lazy\" decoding=\"async\" width=\"1024\" height=\"690\" src=\"https:\/\/soitannollinenkerho.com\/wordpress\/wp-content\/uploads\/JL4_3765-1200xk-1024x690.jpg\" alt=\"\" class=\"wp-image-1431\" srcset=\"http:\/\/soitannollinenkerho.com\/wordpress\/wp-content\/uploads\/JL4_3765-1200xk-1024x690.jpg 1024w, http:\/\/soitannollinenkerho.com\/wordpress\/wp-content\/uploads\/JL4_3765-1200xk-300x202.jpg 300w, http:\/\/soitannollinenkerho.com\/wordpress\/wp-content\/uploads\/JL4_3765-1200xk-768x517.jpg 768w, http:\/\/soitannollinenkerho.com\/wordpress\/wp-content\/uploads\/JL4_3765-1200xk.jpg 1228w\" sizes=\"auto, (max-width: 1024px) 100vw, 1024px\" \/><\/figure>\n\n\n\n<figure class=\"wp-block-image size-large\"><img loading=\"lazy\" decoding=\"async\" width=\"1024\" height=\"689\" src=\"https:\/\/soitannollinenkerho.com\/wordpress\/wp-content\/uploads\/JL4_3772-1200xk-1024x689.jpg\" alt=\"\" class=\"wp-image-1429\" srcset=\"http:\/\/soitannollinenkerho.com\/wordpress\/wp-content\/uploads\/JL4_3772-1200xk-1024x689.jpg 1024w, http:\/\/soitannollinenkerho.com\/wordpress\/wp-content\/uploads\/JL4_3772-1200xk-300x202.jpg 300w, http:\/\/soitannollinenkerho.com\/wordpress\/wp-content\/uploads\/JL4_3772-1200xk-768x517.jpg 768w, http:\/\/soitannollinenkerho.com\/wordpress\/wp-content\/uploads\/JL4_3772-1200xk.jpg 1228w\" sizes=\"auto, (max-width: 1024px) 100vw, 1024px\" \/><\/figure>\n\n\n\n<figure class=\"wp-block-image size-large\"><img loading=\"lazy\" decoding=\"async\" width=\"1024\" height=\"720\" src=\"https:\/\/soitannollinenkerho.com\/wordpress\/wp-content\/uploads\/JL4_3775-1200xk-1024x720.jpg\" alt=\"\" class=\"wp-image-1428\" srcset=\"http:\/\/soitannollinenkerho.com\/wordpress\/wp-content\/uploads\/JL4_3775-1200xk-1024x720.jpg 1024w, http:\/\/soitannollinenkerho.com\/wordpress\/wp-content\/uploads\/JL4_3775-1200xk-300x211.jpg 300w, http:\/\/soitannollinenkerho.com\/wordpress\/wp-content\/uploads\/JL4_3775-1200xk-768x540.jpg 768w, http:\/\/soitannollinenkerho.com\/wordpress\/wp-content\/uploads\/JL4_3775-1200xk.jpg 1228w\" sizes=\"auto, (max-width: 1024px) 100vw, 1024px\" \/><\/figure>\n\n\n\n<p class=\"has-luminous-vivid-amber-background-color has-background has-medium-font-size\">Yhteislauluissa 12.8.2024 oli &#8221;lavalla&#8221; runsaat 200 vuotta esiintymiskokemusta&#8230; Vasemmalta Seppo Helenius, Timo Rautala, Harry Lindstr\u00f6m ja Matti Lep\u00e4nhaara.<\/p>\n\n\n\n<figure class=\"wp-block-image size-large\"><img loading=\"lazy\" decoding=\"async\" width=\"1024\" height=\"667\" src=\"https:\/\/soitannollinenkerho.com\/wordpress\/wp-content\/uploads\/20240812_164937-1200xk-1024x667.jpg\" alt=\"\" class=\"wp-image-1425\" srcset=\"http:\/\/soitannollinenkerho.com\/wordpress\/wp-content\/uploads\/20240812_164937-1200xk-1024x667.jpg 1024w, http:\/\/soitannollinenkerho.com\/wordpress\/wp-content\/uploads\/20240812_164937-1200xk-300x195.jpg 300w, http:\/\/soitannollinenkerho.com\/wordpress\/wp-content\/uploads\/20240812_164937-1200xk-768x500.jpg 768w, http:\/\/soitannollinenkerho.com\/wordpress\/wp-content\/uploads\/20240812_164937-1200xk.jpg 1234w\" sizes=\"auto, (max-width: 1024px) 100vw, 1024px\" \/><\/figure>\n\n\n\n<figure class=\"wp-block-image size-large\"><img loading=\"lazy\" decoding=\"async\" width=\"1024\" height=\"588\" src=\"https:\/\/soitannollinenkerho.com\/wordpress\/wp-content\/uploads\/20240812_175626-1200xk-1024x588.jpg\" alt=\"\" class=\"wp-image-1424\" srcset=\"http:\/\/soitannollinenkerho.com\/wordpress\/wp-content\/uploads\/20240812_175626-1200xk-1024x588.jpg 1024w, http:\/\/soitannollinenkerho.com\/wordpress\/wp-content\/uploads\/20240812_175626-1200xk-300x172.jpg 300w, http:\/\/soitannollinenkerho.com\/wordpress\/wp-content\/uploads\/20240812_175626-1200xk-768x441.jpg 768w, http:\/\/soitannollinenkerho.com\/wordpress\/wp-content\/uploads\/20240812_175626-1200xk.jpg 1228w\" sizes=\"auto, (max-width: 1024px) 100vw, 1024px\" \/><\/figure>\n\n\n\n<figure class=\"wp-block-image size-large\"><img loading=\"lazy\" decoding=\"async\" width=\"1024\" height=\"656\" src=\"https:\/\/soitannollinenkerho.com\/wordpress\/wp-content\/uploads\/20240812_175705-1200xk-1024x656.jpg\" alt=\"\" class=\"wp-image-1423\" srcset=\"http:\/\/soitannollinenkerho.com\/wordpress\/wp-content\/uploads\/20240812_175705-1200xk-1024x656.jpg 1024w, http:\/\/soitannollinenkerho.com\/wordpress\/wp-content\/uploads\/20240812_175705-1200xk-300x192.jpg 300w, http:\/\/soitannollinenkerho.com\/wordpress\/wp-content\/uploads\/20240812_175705-1200xk-768x492.jpg 768w, http:\/\/soitannollinenkerho.com\/wordpress\/wp-content\/uploads\/20240812_175705-1200xk.jpg 1321w\" sizes=\"auto, (max-width: 1024px) 100vw, 1024px\" \/><\/figure>\n\n\n\n<p class=\"has-luminous-vivid-amber-background-color has-background has-medium-font-size\">Katutanssit 6.8.2024 tanssittiin Antti ja Tane-Eljas duon eli Hakolan Antin ja Leinosen Tanen johdolla. L\u00e4mp\u00f6isess\u00e4 alkuillassa oli usempiakin soittajia paikalla ja juttua tuntui riitt\u00e4v\u00e4n.<\/p>\n\n\n\n<figure class=\"wp-block-image size-large\"><img loading=\"lazy\" decoding=\"async\" width=\"697\" height=\"1024\" src=\"https:\/\/soitannollinenkerho.com\/wordpress\/wp-content\/uploads\/JL4_3535-Antti-1200xkeh-697x1024.jpg\" alt=\"\" class=\"wp-image-1417\" srcset=\"http:\/\/soitannollinenkerho.com\/wordpress\/wp-content\/uploads\/JL4_3535-Antti-1200xkeh-697x1024.jpg 697w, http:\/\/soitannollinenkerho.com\/wordpress\/wp-content\/uploads\/JL4_3535-Antti-1200xkeh-204x300.jpg 204w, http:\/\/soitannollinenkerho.com\/wordpress\/wp-content\/uploads\/JL4_3535-Antti-1200xkeh-768x1128.jpg 768w, http:\/\/soitannollinenkerho.com\/wordpress\/wp-content\/uploads\/JL4_3535-Antti-1200xkeh.jpg 836w\" sizes=\"auto, (max-width: 697px) 100vw, 697px\" \/><\/figure>\n\n\n\n<figure class=\"wp-block-image size-large\"><img loading=\"lazy\" decoding=\"async\" width=\"1024\" height=\"701\" src=\"https:\/\/soitannollinenkerho.com\/wordpress\/wp-content\/uploads\/JL4_3537-Antti-ja-Tane-Elias-1200xkeh-1024x701.jpg\" alt=\"\" class=\"wp-image-1416\" srcset=\"http:\/\/soitannollinenkerho.com\/wordpress\/wp-content\/uploads\/JL4_3537-Antti-ja-Tane-Elias-1200xkeh-1024x701.jpg 1024w, http:\/\/soitannollinenkerho.com\/wordpress\/wp-content\/uploads\/JL4_3537-Antti-ja-Tane-Elias-1200xkeh-300x205.jpg 300w, http:\/\/soitannollinenkerho.com\/wordpress\/wp-content\/uploads\/JL4_3537-Antti-ja-Tane-Elias-1200xkeh-768x526.jpg 768w, http:\/\/soitannollinenkerho.com\/wordpress\/wp-content\/uploads\/JL4_3537-Antti-ja-Tane-Elias-1200xkeh.jpg 1238w\" sizes=\"auto, (max-width: 1024px) 100vw, 1024px\" \/><\/figure>\n\n\n\n<figure class=\"wp-block-image size-large\"><img loading=\"lazy\" decoding=\"async\" width=\"1024\" height=\"601\" src=\"https:\/\/soitannollinenkerho.com\/wordpress\/wp-content\/uploads\/JL4_3539-1200xkeh-1024x601.jpg\" alt=\"\" class=\"wp-image-1415\" srcset=\"http:\/\/soitannollinenkerho.com\/wordpress\/wp-content\/uploads\/JL4_3539-1200xkeh-1024x601.jpg 1024w, http:\/\/soitannollinenkerho.com\/wordpress\/wp-content\/uploads\/JL4_3539-1200xkeh-300x176.jpg 300w, http:\/\/soitannollinenkerho.com\/wordpress\/wp-content\/uploads\/JL4_3539-1200xkeh-768x451.jpg 768w, http:\/\/soitannollinenkerho.com\/wordpress\/wp-content\/uploads\/JL4_3539-1200xkeh.jpg 1224w\" sizes=\"auto, (max-width: 1024px) 100vw, 1024px\" \/><\/figure>\n\n\n\n<figure class=\"wp-block-image size-large\"><img loading=\"lazy\" decoding=\"async\" width=\"1024\" height=\"700\" src=\"https:\/\/soitannollinenkerho.com\/wordpress\/wp-content\/uploads\/JL4_3544-1200xxkeh-1024x700.jpg\" alt=\"\" class=\"wp-image-1414\" srcset=\"http:\/\/soitannollinenkerho.com\/wordpress\/wp-content\/uploads\/JL4_3544-1200xxkeh-1024x700.jpg 1024w, http:\/\/soitannollinenkerho.com\/wordpress\/wp-content\/uploads\/JL4_3544-1200xxkeh-300x205.jpg 300w, http:\/\/soitannollinenkerho.com\/wordpress\/wp-content\/uploads\/JL4_3544-1200xxkeh-768x525.jpg 768w, http:\/\/soitannollinenkerho.com\/wordpress\/wp-content\/uploads\/JL4_3544-1200xxkeh.jpg 1228w\" sizes=\"auto, (max-width: 1024px) 100vw, 1024px\" \/><\/figure>\n\n\n\n<p class=\"has-luminous-vivid-amber-background-color has-background has-medium-font-size\">Rankkasade ja ukkonen uhkasivat Yhteislauluja 5.8.2024, mutta olimme tilanneet parempaa s\u00e4\u00e4t\u00e4 tilaisuuden ajaksi. Toiveemme toteutui ja aurinkokin ilahdutti laulajia.                                                S\u00e4estyksest\u00e4 ja laulatuksesta vastasivat Katriina Rainio, Taina Laiho sek\u00e4 Rautalan Timppa.<\/p>\n\n\n\n<figure class=\"wp-block-image size-large\"><img loading=\"lazy\" decoding=\"async\" width=\"1024\" height=\"739\" src=\"https:\/\/soitannollinenkerho.com\/wordpress\/wp-content\/uploads\/JL4_3508-Kata-1200xkehys-1024x739.jpg\" alt=\"\" class=\"wp-image-1351\" srcset=\"http:\/\/soitannollinenkerho.com\/wordpress\/wp-content\/uploads\/JL4_3508-Kata-1200xkehys-1024x739.jpg 1024w, http:\/\/soitannollinenkerho.com\/wordpress\/wp-content\/uploads\/JL4_3508-Kata-1200xkehys-300x216.jpg 300w, http:\/\/soitannollinenkerho.com\/wordpress\/wp-content\/uploads\/JL4_3508-Kata-1200xkehys-768x554.jpg 768w, http:\/\/soitannollinenkerho.com\/wordpress\/wp-content\/uploads\/JL4_3508-Kata-1200xkehys.jpg 1246w\" sizes=\"auto, (max-width: 1024px) 100vw, 1024px\" \/><\/figure>\n\n\n\n<figure class=\"wp-block-image size-large\"><img loading=\"lazy\" decoding=\"async\" width=\"1024\" height=\"696\" src=\"https:\/\/soitannollinenkerho.com\/wordpress\/wp-content\/uploads\/JL4_3470-Taina-1200xkeh-1024x696.jpg\" alt=\"\" class=\"wp-image-1350\" srcset=\"http:\/\/soitannollinenkerho.com\/wordpress\/wp-content\/uploads\/JL4_3470-Taina-1200xkeh-1024x696.jpg 1024w, http:\/\/soitannollinenkerho.com\/wordpress\/wp-content\/uploads\/JL4_3470-Taina-1200xkeh-300x204.jpg 300w, http:\/\/soitannollinenkerho.com\/wordpress\/wp-content\/uploads\/JL4_3470-Taina-1200xkeh-768x522.jpg 768w, http:\/\/soitannollinenkerho.com\/wordpress\/wp-content\/uploads\/JL4_3470-Taina-1200xkeh.jpg 1250w\" sizes=\"auto, (max-width: 1024px) 100vw, 1024px\" \/><\/figure>\n\n\n\n<figure class=\"wp-block-image size-large\"><img loading=\"lazy\" decoding=\"async\" width=\"1024\" height=\"667\" src=\"https:\/\/soitannollinenkerho.com\/wordpress\/wp-content\/uploads\/JL4_3453-Taina-Kata-ja-Timppa-1300xxkeh-1024x667.jpg\" alt=\"\" class=\"wp-image-1349\" srcset=\"http:\/\/soitannollinenkerho.com\/wordpress\/wp-content\/uploads\/JL4_3453-Taina-Kata-ja-Timppa-1300xxkeh-1024x667.jpg 1024w, http:\/\/soitannollinenkerho.com\/wordpress\/wp-content\/uploads\/JL4_3453-Taina-Kata-ja-Timppa-1300xxkeh-300x195.jpg 300w, http:\/\/soitannollinenkerho.com\/wordpress\/wp-content\/uploads\/JL4_3453-Taina-Kata-ja-Timppa-1300xxkeh-768x500.jpg 768w, http:\/\/soitannollinenkerho.com\/wordpress\/wp-content\/uploads\/JL4_3453-Taina-Kata-ja-Timppa-1300xxkeh.jpg 1314w\" sizes=\"auto, (max-width: 1024px) 100vw, 1024px\" \/><\/figure>\n\n\n\n<figure class=\"wp-block-embed is-type-video is-provider-youtube wp-block-embed-youtube wp-embed-aspect-16-9 wp-has-aspect-ratio\"><div class=\"wp-block-embed__wrapper\">\n<iframe loading=\"lazy\" title=\"Yhteislaulut 5.8.2024\" width=\"1170\" height=\"658\" src=\"https:\/\/www.youtube.com\/embed\/l_jgu8Wm6wE?feature=oembed\" frameborder=\"0\" allow=\"accelerometer; autoplay; clipboard-write; encrypted-media; gyroscope; picture-in-picture; web-share\" referrerpolicy=\"strict-origin-when-cross-origin\" allowfullscreen><\/iframe>\n<\/div><\/figure>\n\n\n\n<p class=\"has-luminous-vivid-amber-background-color has-background has-medium-font-size\">Reipasta ja iloista menoa Yhteislauluissa 29.7.2024&#8230; Sunset-yhtyeen Jarkko Salmi ja Arja Pirttinen, sek\u00e4 &#8221;komppikone&#8221; Hannu Karvia.<\/p>\n\n\n\n<figure class=\"wp-block-image size-large\"><img loading=\"lazy\" decoding=\"async\" width=\"1024\" height=\"701\" src=\"https:\/\/soitannollinenkerho.com\/wordpress\/wp-content\/uploads\/JL4_3221-Jarkko-Arja-ja-Hannu-1200xxkeh-1024x701.jpg\" alt=\"\" class=\"wp-image-1338\" srcset=\"http:\/\/soitannollinenkerho.com\/wordpress\/wp-content\/uploads\/JL4_3221-Jarkko-Arja-ja-Hannu-1200xxkeh-1024x701.jpg 1024w, http:\/\/soitannollinenkerho.com\/wordpress\/wp-content\/uploads\/JL4_3221-Jarkko-Arja-ja-Hannu-1200xxkeh-300x206.jpg 300w, http:\/\/soitannollinenkerho.com\/wordpress\/wp-content\/uploads\/JL4_3221-Jarkko-Arja-ja-Hannu-1200xxkeh-768x526.jpg 768w, http:\/\/soitannollinenkerho.com\/wordpress\/wp-content\/uploads\/JL4_3221-Jarkko-Arja-ja-Hannu-1200xxkeh.jpg 1143w\" sizes=\"auto, (max-width: 1024px) 100vw, 1024px\" \/><\/figure>\n\n\n\n<figure class=\"wp-block-image size-large\"><img loading=\"lazy\" decoding=\"async\" width=\"1024\" height=\"557\" src=\"https:\/\/soitannollinenkerho.com\/wordpress\/wp-content\/uploads\/JL4_3216-Jarkko-Arja-ja-Hannu-1200xkeh-1024x557.jpg\" alt=\"\" class=\"wp-image-1336\" srcset=\"http:\/\/soitannollinenkerho.com\/wordpress\/wp-content\/uploads\/JL4_3216-Jarkko-Arja-ja-Hannu-1200xkeh-1024x557.jpg 1024w, http:\/\/soitannollinenkerho.com\/wordpress\/wp-content\/uploads\/JL4_3216-Jarkko-Arja-ja-Hannu-1200xkeh-300x163.jpg 300w, http:\/\/soitannollinenkerho.com\/wordpress\/wp-content\/uploads\/JL4_3216-Jarkko-Arja-ja-Hannu-1200xkeh-768x417.jpg 768w, http:\/\/soitannollinenkerho.com\/wordpress\/wp-content\/uploads\/JL4_3216-Jarkko-Arja-ja-Hannu-1200xkeh.jpg 1218w\" sizes=\"auto, (max-width: 1024px) 100vw, 1024px\" \/><\/figure>\n\n\n\n<p class=\"has-luminous-vivid-amber-background-color has-background has-medium-font-size\">Katutanssit 23.7. Onnenmyyr\u00e4t, solisteinaan Terttu Honkaranta, Hannu Verta, Anna Tapiola ja Marjut Raitio.<\/p>\n\n\n\n<figure class=\"wp-block-image size-full\"><img loading=\"lazy\" decoding=\"async\" width=\"1024\" height=\"614\" src=\"https:\/\/soitannollinenkerho.com\/wordpress\/wp-content\/uploads\/JL4_3068-Terttu-1200x-1024x614-1.jpg\" alt=\"\" class=\"wp-image-1332\" srcset=\"http:\/\/soitannollinenkerho.com\/wordpress\/wp-content\/uploads\/JL4_3068-Terttu-1200x-1024x614-1.jpg 1024w, http:\/\/soitannollinenkerho.com\/wordpress\/wp-content\/uploads\/JL4_3068-Terttu-1200x-1024x614-1-300x180.jpg 300w, http:\/\/soitannollinenkerho.com\/wordpress\/wp-content\/uploads\/JL4_3068-Terttu-1200x-1024x614-1-768x461.jpg 768w\" sizes=\"auto, (max-width: 1024px) 100vw, 1024px\" \/><\/figure>\n\n\n\n<figure class=\"wp-block-image size-large\"><img loading=\"lazy\" decoding=\"async\" width=\"1024\" height=\"635\" src=\"https:\/\/soitannollinenkerho.com\/wordpress\/wp-content\/uploads\/JL4_3076-Hannu-Verta-1200xkeh-1024x635.jpg\" alt=\"\" class=\"wp-image-1331\" srcset=\"http:\/\/soitannollinenkerho.com\/wordpress\/wp-content\/uploads\/JL4_3076-Hannu-Verta-1200xkeh-1024x635.jpg 1024w, http:\/\/soitannollinenkerho.com\/wordpress\/wp-content\/uploads\/JL4_3076-Hannu-Verta-1200xkeh-300x186.jpg 300w, http:\/\/soitannollinenkerho.com\/wordpress\/wp-content\/uploads\/JL4_3076-Hannu-Verta-1200xkeh-768x477.jpg 768w, http:\/\/soitannollinenkerho.com\/wordpress\/wp-content\/uploads\/JL4_3076-Hannu-Verta-1200xkeh.jpg 1220w\" sizes=\"auto, (max-width: 1024px) 100vw, 1024px\" \/><\/figure>\n\n\n\n<figure class=\"wp-block-image size-large\"><img loading=\"lazy\" decoding=\"async\" width=\"592\" height=\"1024\" src=\"https:\/\/soitannollinenkerho.com\/wordpress\/wp-content\/uploads\/JL4_3096-Anna-Toivola-1200xkeh-592x1024.jpg\" alt=\"\" class=\"wp-image-1330\" srcset=\"http:\/\/soitannollinenkerho.com\/wordpress\/wp-content\/uploads\/JL4_3096-Anna-Toivola-1200xkeh-592x1024.jpg 592w, http:\/\/soitannollinenkerho.com\/wordpress\/wp-content\/uploads\/JL4_3096-Anna-Toivola-1200xkeh-173x300.jpg 173w, http:\/\/soitannollinenkerho.com\/wordpress\/wp-content\/uploads\/JL4_3096-Anna-Toivola-1200xkeh.jpg 709w\" sizes=\"auto, (max-width: 592px) 100vw, 592px\" \/><\/figure>\n\n\n\n<figure class=\"wp-block-image size-large\"><img loading=\"lazy\" decoding=\"async\" width=\"1024\" height=\"675\" src=\"https:\/\/soitannollinenkerho.com\/wordpress\/wp-content\/uploads\/JL4_3112-1200xxkeh-1024x675.jpg\" alt=\"\" class=\"wp-image-1329\" srcset=\"http:\/\/soitannollinenkerho.com\/wordpress\/wp-content\/uploads\/JL4_3112-1200xxkeh-1024x675.jpg 1024w, http:\/\/soitannollinenkerho.com\/wordpress\/wp-content\/uploads\/JL4_3112-1200xxkeh-300x198.jpg 300w, http:\/\/soitannollinenkerho.com\/wordpress\/wp-content\/uploads\/JL4_3112-1200xxkeh-768x506.jpg 768w, http:\/\/soitannollinenkerho.com\/wordpress\/wp-content\/uploads\/JL4_3112-1200xxkeh.jpg 1184w\" sizes=\"auto, (max-width: 1024px) 100vw, 1024px\" \/><\/figure>\n\n\n\n<p class=\"has-luminous-vivid-amber-background-color has-background has-medium-font-size\"><strong>Yhteislauluissa 22.7. oli niiiiin rauhallista&#8230;<\/strong><\/p>\n\n\n\n<p class=\"has-medium-font-size\">No ei ollenkaan kun Tutta Carpelan oli saapunut puhum&#8230;, siis laulattamaan Rautalan Timpan s\u00e4estyksell\u00e4.<\/p>\n\n\n\n<figure class=\"wp-block-image size-full\"><img loading=\"lazy\" decoding=\"async\" width=\"1008\" height=\"445\" src=\"https:\/\/soitannollinenkerho.com\/wordpress\/wp-content\/uploads\/20240722_180450-22.7.24-yht.laulut-1000x.jpg\" alt=\"\" class=\"wp-image-1290\" srcset=\"http:\/\/soitannollinenkerho.com\/wordpress\/wp-content\/uploads\/20240722_180450-22.7.24-yht.laulut-1000x.jpg 1008w, http:\/\/soitannollinenkerho.com\/wordpress\/wp-content\/uploads\/20240722_180450-22.7.24-yht.laulut-1000x-300x132.jpg 300w, http:\/\/soitannollinenkerho.com\/wordpress\/wp-content\/uploads\/20240722_180450-22.7.24-yht.laulut-1000x-768x339.jpg 768w\" sizes=\"auto, (max-width: 1008px) 100vw, 1008px\" \/><\/figure>\n\n\n\n<figure class=\"wp-block-image size-full\"><img loading=\"lazy\" decoding=\"async\" width=\"1022\" height=\"729\" src=\"https:\/\/soitannollinenkerho.com\/wordpress\/wp-content\/uploads\/DSC_6690-1000x.jpg\" alt=\"\" class=\"wp-image-1291\" srcset=\"http:\/\/soitannollinenkerho.com\/wordpress\/wp-content\/uploads\/DSC_6690-1000x.jpg 1022w, http:\/\/soitannollinenkerho.com\/wordpress\/wp-content\/uploads\/DSC_6690-1000x-300x214.jpg 300w, http:\/\/soitannollinenkerho.com\/wordpress\/wp-content\/uploads\/DSC_6690-1000x-768x548.jpg 768w\" sizes=\"auto, (max-width: 1022px) 100vw, 1022px\" \/><\/figure>\n\n\n\n<figure class=\"wp-block-image size-large\"><img loading=\"lazy\" decoding=\"async\" width=\"1024\" height=\"697\" src=\"https:\/\/soitannollinenkerho.com\/wordpress\/wp-content\/uploads\/DSC_6710-Tutta-1200x-1024x697.jpg\" alt=\"\" class=\"wp-image-1292\" srcset=\"http:\/\/soitannollinenkerho.com\/wordpress\/wp-content\/uploads\/DSC_6710-Tutta-1200x-1024x697.jpg 1024w, http:\/\/soitannollinenkerho.com\/wordpress\/wp-content\/uploads\/DSC_6710-Tutta-1200x-300x204.jpg 300w, http:\/\/soitannollinenkerho.com\/wordpress\/wp-content\/uploads\/DSC_6710-Tutta-1200x-768x523.jpg 768w, http:\/\/soitannollinenkerho.com\/wordpress\/wp-content\/uploads\/DSC_6710-Tutta-1200x.jpg 1214w\" sizes=\"auto, (max-width: 1024px) 100vw, 1024px\" \/><\/figure>\n\n\n\n<p class=\"has-luminous-vivid-amber-background-color has-background has-medium-font-size\"><strong>16.7. Sakke Kotilainen ja Focus tarjosivat tanssittavaa ja kuunneltavaa&#8230;<\/strong><\/p>\n\n\n\n<figure class=\"wp-block-image size-large\"><img loading=\"lazy\" decoding=\"async\" width=\"1024\" height=\"690\" src=\"https:\/\/soitannollinenkerho.com\/wordpress\/wp-content\/uploads\/DSC_6654-1200x-1024x690.jpg\" alt=\"\" class=\"wp-image-1286\" srcset=\"http:\/\/soitannollinenkerho.com\/wordpress\/wp-content\/uploads\/DSC_6654-1200x-1024x690.jpg 1024w, http:\/\/soitannollinenkerho.com\/wordpress\/wp-content\/uploads\/DSC_6654-1200x-300x202.jpg 300w, http:\/\/soitannollinenkerho.com\/wordpress\/wp-content\/uploads\/DSC_6654-1200x-768x518.jpg 768w, http:\/\/soitannollinenkerho.com\/wordpress\/wp-content\/uploads\/DSC_6654-1200x.jpg 1228w\" sizes=\"auto, (max-width: 1024px) 100vw, 1024px\" \/><\/figure>\n\n\n\n<figure class=\"wp-block-image size-large\"><img loading=\"lazy\" decoding=\"async\" width=\"1024\" height=\"729\" src=\"https:\/\/soitannollinenkerho.com\/wordpress\/wp-content\/uploads\/DSC_6646-1200x-1024x729.jpg\" alt=\"\" class=\"wp-image-1285\" srcset=\"http:\/\/soitannollinenkerho.com\/wordpress\/wp-content\/uploads\/DSC_6646-1200x-1024x729.jpg 1024w, http:\/\/soitannollinenkerho.com\/wordpress\/wp-content\/uploads\/DSC_6646-1200x-300x214.jpg 300w, http:\/\/soitannollinenkerho.com\/wordpress\/wp-content\/uploads\/DSC_6646-1200x-768x547.jpg 768w, http:\/\/soitannollinenkerho.com\/wordpress\/wp-content\/uploads\/DSC_6646-1200x.jpg 1216w\" sizes=\"auto, (max-width: 1024px) 100vw, 1024px\" \/><\/figure>\n\n\n\n<figure class=\"wp-block-image size-large\"><img loading=\"lazy\" decoding=\"async\" width=\"1024\" height=\"687\" src=\"https:\/\/soitannollinenkerho.com\/wordpress\/wp-content\/uploads\/DSC_6659-1200x-1024x687.jpg\" alt=\"\" class=\"wp-image-1284\" srcset=\"http:\/\/soitannollinenkerho.com\/wordpress\/wp-content\/uploads\/DSC_6659-1200x-1024x687.jpg 1024w, http:\/\/soitannollinenkerho.com\/wordpress\/wp-content\/uploads\/DSC_6659-1200x-300x201.jpg 300w, http:\/\/soitannollinenkerho.com\/wordpress\/wp-content\/uploads\/DSC_6659-1200x-768x515.jpg 768w, http:\/\/soitannollinenkerho.com\/wordpress\/wp-content\/uploads\/DSC_6659-1200x.jpg 1214w\" sizes=\"auto, (max-width: 1024px) 100vw, 1024px\" \/><\/figure>\n\n\n\n<figure class=\"wp-block-image size-large\"><img loading=\"lazy\" decoding=\"async\" width=\"1024\" height=\"581\" src=\"https:\/\/soitannollinenkerho.com\/wordpress\/wp-content\/uploads\/20240716_181427-16.7.2024-1200x-1024x581.jpg\" alt=\"\" class=\"wp-image-1287\" srcset=\"http:\/\/soitannollinenkerho.com\/wordpress\/wp-content\/uploads\/20240716_181427-16.7.2024-1200x-1024x581.jpg 1024w, http:\/\/soitannollinenkerho.com\/wordpress\/wp-content\/uploads\/20240716_181427-16.7.2024-1200x-300x170.jpg 300w, http:\/\/soitannollinenkerho.com\/wordpress\/wp-content\/uploads\/20240716_181427-16.7.2024-1200x-768x436.jpg 768w, http:\/\/soitannollinenkerho.com\/wordpress\/wp-content\/uploads\/20240716_181427-16.7.2024-1200x.jpg 1216w\" sizes=\"auto, (max-width: 1024px) 100vw, 1024px\" \/><\/figure>\n\n\n\n<figure class=\"wp-block-image size-large\"><img loading=\"lazy\" decoding=\"async\" width=\"1024\" height=\"555\" src=\"https:\/\/soitannollinenkerho.com\/wordpress\/wp-content\/uploads\/20240716_173801-16.7.2024-1200x-1-1024x555.jpg\" alt=\"\" class=\"wp-image-1289\" srcset=\"http:\/\/soitannollinenkerho.com\/wordpress\/wp-content\/uploads\/20240716_173801-16.7.2024-1200x-1-1024x555.jpg 1024w, http:\/\/soitannollinenkerho.com\/wordpress\/wp-content\/uploads\/20240716_173801-16.7.2024-1200x-1-300x163.jpg 300w, http:\/\/soitannollinenkerho.com\/wordpress\/wp-content\/uploads\/20240716_173801-16.7.2024-1200x-1-768x416.jpg 768w, http:\/\/soitannollinenkerho.com\/wordpress\/wp-content\/uploads\/20240716_173801-16.7.2024-1200x-1.jpg 1216w\" sizes=\"auto, (max-width: 1024px) 100vw, 1024px\" \/><\/figure>\n\n\n\n<p class=\"has-luminous-vivid-amber-background-color has-background has-medium-font-size\"><strong>Yhteislaulut striimattiin nettiin 15.7., laulattajina Timo, Tero ja Jussi.<\/strong><\/p>\n\n\n\n<figure class=\"wp-block-embed is-type-video is-provider-youtube wp-block-embed-youtube wp-embed-aspect-16-9 wp-has-aspect-ratio\"><div class=\"wp-block-embed__wrapper\">\n<iframe loading=\"lazy\" title=\"Yhteislaulut 15.7.2024\" width=\"1170\" height=\"658\" src=\"https:\/\/www.youtube.com\/embed\/kn_5wg3VoY8?feature=oembed\" frameborder=\"0\" allow=\"accelerometer; autoplay; clipboard-write; encrypted-media; gyroscope; picture-in-picture; web-share\" referrerpolicy=\"strict-origin-when-cross-origin\" allowfullscreen><\/iframe>\n<\/div><\/figure>\n\n\n\n<p class=\"has-luminous-vivid-amber-background-color has-background has-medium-font-size\"><strong>Yhteislaulut 8.7., laulattajina Eero Laiho, Markku Fredrikson ja Kalle Kivel\u00e4.<\/strong><\/p>\n\n\n\n<figure class=\"wp-block-image size-large\"><img loading=\"lazy\" decoding=\"async\" width=\"1024\" height=\"556\" src=\"https:\/\/soitannollinenkerho.com\/wordpress\/wp-content\/uploads\/20240708_175427-8.7.2024-1200x-1024x556.jpg\" alt=\"\" class=\"wp-image-1278\" srcset=\"http:\/\/soitannollinenkerho.com\/wordpress\/wp-content\/uploads\/20240708_175427-8.7.2024-1200x-1024x556.jpg 1024w, http:\/\/soitannollinenkerho.com\/wordpress\/wp-content\/uploads\/20240708_175427-8.7.2024-1200x-300x163.jpg 300w, http:\/\/soitannollinenkerho.com\/wordpress\/wp-content\/uploads\/20240708_175427-8.7.2024-1200x-768x417.jpg 768w, http:\/\/soitannollinenkerho.com\/wordpress\/wp-content\/uploads\/20240708_175427-8.7.2024-1200x.jpg 1214w\" sizes=\"auto, (max-width: 1024px) 100vw, 1024px\" \/><\/figure>\n\n\n\n<figure class=\"wp-block-image size-large\"><img loading=\"lazy\" decoding=\"async\" width=\"1024\" height=\"581\" src=\"https:\/\/soitannollinenkerho.com\/wordpress\/wp-content\/uploads\/20240708_171012-1200x-1024x581.jpg\" alt=\"\" class=\"wp-image-1277\" srcset=\"http:\/\/soitannollinenkerho.com\/wordpress\/wp-content\/uploads\/20240708_171012-1200x-1024x581.jpg 1024w, http:\/\/soitannollinenkerho.com\/wordpress\/wp-content\/uploads\/20240708_171012-1200x-300x170.jpg 300w, http:\/\/soitannollinenkerho.com\/wordpress\/wp-content\/uploads\/20240708_171012-1200x-768x436.jpg 768w, http:\/\/soitannollinenkerho.com\/wordpress\/wp-content\/uploads\/20240708_171012-1200x.jpg 1214w\" sizes=\"auto, (max-width: 1024px) 100vw, 1024px\" \/><\/figure>\n\n\n\n<p class=\"has-luminous-vivid-amber-background-color has-background has-medium-font-size\"><strong>Katutanssit 2.7., tanssittajina Hollarit. Kuten yleens\u00e4kin, musiikkia tullaan tansseihin my\u00f6s kuuntelemaan.<\/strong><\/p>\n\n\n\n<figure class=\"wp-block-image size-large\"><img loading=\"lazy\" decoding=\"async\" width=\"1024\" height=\"627\" src=\"https:\/\/soitannollinenkerho.com\/wordpress\/wp-content\/uploads\/DSC_6575-2.7.2024-1200x-1024x627.jpg\" alt=\"\" class=\"wp-image-1280\" srcset=\"http:\/\/soitannollinenkerho.com\/wordpress\/wp-content\/uploads\/DSC_6575-2.7.2024-1200x-1024x627.jpg 1024w, http:\/\/soitannollinenkerho.com\/wordpress\/wp-content\/uploads\/DSC_6575-2.7.2024-1200x-300x184.jpg 300w, http:\/\/soitannollinenkerho.com\/wordpress\/wp-content\/uploads\/DSC_6575-2.7.2024-1200x-768x470.jpg 768w, http:\/\/soitannollinenkerho.com\/wordpress\/wp-content\/uploads\/DSC_6575-2.7.2024-1200x-570x350.jpg 570w, http:\/\/soitannollinenkerho.com\/wordpress\/wp-content\/uploads\/DSC_6575-2.7.2024-1200x.jpg 1214w\" sizes=\"auto, (max-width: 1024px) 100vw, 1024px\" \/><\/figure>\n\n\n\n<figure class=\"wp-block-image size-large\"><img loading=\"lazy\" decoding=\"async\" width=\"1024\" height=\"630\" src=\"https:\/\/soitannollinenkerho.com\/wordpress\/wp-content\/uploads\/DSC_6581-2.7.2024-1200x-1024x630.jpg\" alt=\"\" class=\"wp-image-1279\" srcset=\"http:\/\/soitannollinenkerho.com\/wordpress\/wp-content\/uploads\/DSC_6581-2.7.2024-1200x-1024x630.jpg 1024w, http:\/\/soitannollinenkerho.com\/wordpress\/wp-content\/uploads\/DSC_6581-2.7.2024-1200x-300x184.jpg 300w, http:\/\/soitannollinenkerho.com\/wordpress\/wp-content\/uploads\/DSC_6581-2.7.2024-1200x-768x472.jpg 768w, http:\/\/soitannollinenkerho.com\/wordpress\/wp-content\/uploads\/DSC_6581-2.7.2024-1200x-570x350.jpg 570w, http:\/\/soitannollinenkerho.com\/wordpress\/wp-content\/uploads\/DSC_6581-2.7.2024-1200x.jpg 1210w\" sizes=\"auto, (max-width: 1024px) 100vw, 1024px\" \/><\/figure>\n\n\n\n<p class=\"has-luminous-vivid-amber-background-color has-background has-medium-font-size\"><strong>Yhteislauluissa 1.7. laulattivat Jorma Sundvall, Hannu M\u00e4kil\u00e4 ja hanuristi Pekka Rantanen.<\/strong><\/p>\n\n\n\n<figure class=\"wp-block-image size-large\"><img loading=\"lazy\" decoding=\"async\" width=\"1024\" height=\"682\" src=\"https:\/\/soitannollinenkerho.com\/wordpress\/wp-content\/uploads\/DSC_6573-yht.laulut-1.7.2024-1200x-1024x682.jpg\" alt=\"\" class=\"wp-image-1283\" srcset=\"http:\/\/soitannollinenkerho.com\/wordpress\/wp-content\/uploads\/DSC_6573-yht.laulut-1.7.2024-1200x-1024x682.jpg 1024w, http:\/\/soitannollinenkerho.com\/wordpress\/wp-content\/uploads\/DSC_6573-yht.laulut-1.7.2024-1200x-300x200.jpg 300w, http:\/\/soitannollinenkerho.com\/wordpress\/wp-content\/uploads\/DSC_6573-yht.laulut-1.7.2024-1200x-768x512.jpg 768w, http:\/\/soitannollinenkerho.com\/wordpress\/wp-content\/uploads\/DSC_6573-yht.laulut-1.7.2024-1200x.jpg 1214w\" sizes=\"auto, (max-width: 1024px) 100vw, 1024px\" \/><\/figure>\n\n\n\n<p class=\"has-luminous-vivid-amber-background-color has-background has-medium-font-size\"><strong>Yhteislaulut 17.6.2024. Laulattajana Minna Ranta ja Joni Tiainen.<\/strong><\/p>\n\n\n\n<p class=\"has-luminous-vivid-amber-background-color has-background has-medium-font-size\"><strong>Paikallinen sade ei karkoittanut keliin varautuneita laulajia, mutta lauluvihkoja oli kuivattava&#8230;<\/strong><\/p>\n\n\n\n<figure class=\"wp-block-image size-large\"><img loading=\"lazy\" decoding=\"async\" width=\"1024\" height=\"571\" src=\"https:\/\/soitannollinenkerho.com\/wordpress\/wp-content\/uploads\/20240617_171033-ensi-pisarat-1200x-2-1024x571.jpg\" alt=\"\" class=\"wp-image-1282\" srcset=\"http:\/\/soitannollinenkerho.com\/wordpress\/wp-content\/uploads\/20240617_171033-ensi-pisarat-1200x-2-1024x571.jpg 1024w, http:\/\/soitannollinenkerho.com\/wordpress\/wp-content\/uploads\/20240617_171033-ensi-pisarat-1200x-2-300x167.jpg 300w, http:\/\/soitannollinenkerho.com\/wordpress\/wp-content\/uploads\/20240617_171033-ensi-pisarat-1200x-2-768x428.jpg 768w, http:\/\/soitannollinenkerho.com\/wordpress\/wp-content\/uploads\/20240617_171033-ensi-pisarat-1200x-2.jpg 1210w\" sizes=\"auto, (max-width: 1024px) 100vw, 1024px\" \/><\/figure>\n\n\n\n<figure class=\"wp-block-image size-large\"><img loading=\"lazy\" decoding=\"async\" width=\"1024\" height=\"509\" src=\"https:\/\/soitannollinenkerho.com\/wordpress\/wp-content\/uploads\/20240617_172302-vesisade-1200x-1024x509.jpg\" alt=\"\" class=\"wp-image-1274\" srcset=\"http:\/\/soitannollinenkerho.com\/wordpress\/wp-content\/uploads\/20240617_172302-vesisade-1200x-1024x509.jpg 1024w, http:\/\/soitannollinenkerho.com\/wordpress\/wp-content\/uploads\/20240617_172302-vesisade-1200x-300x149.jpg 300w, http:\/\/soitannollinenkerho.com\/wordpress\/wp-content\/uploads\/20240617_172302-vesisade-1200x-768x381.jpg 768w, http:\/\/soitannollinenkerho.com\/wordpress\/wp-content\/uploads\/20240617_172302-vesisade-1200x.jpg 1216w\" sizes=\"auto, (max-width: 1024px) 100vw, 1024px\" \/><\/figure>\n\n\n\n<figure class=\"wp-block-image size-full\"><img loading=\"lazy\" decoding=\"async\" width=\"1012\" height=\"575\" src=\"https:\/\/soitannollinenkerho.com\/wordpress\/wp-content\/uploads\/20240617_184348-kuivumassa-1000x-1.jpg\" alt=\"\" class=\"wp-image-1281\" srcset=\"http:\/\/soitannollinenkerho.com\/wordpress\/wp-content\/uploads\/20240617_184348-kuivumassa-1000x-1.jpg 1012w, http:\/\/soitannollinenkerho.com\/wordpress\/wp-content\/uploads\/20240617_184348-kuivumassa-1000x-1-300x170.jpg 300w, http:\/\/soitannollinenkerho.com\/wordpress\/wp-content\/uploads\/20240617_184348-kuivumassa-1000x-1-768x436.jpg 768w\" sizes=\"auto, (max-width: 1012px) 100vw, 1012px\" \/><\/figure>\n\n\n\n<p class=\"has-black-color has-luminous-vivid-amber-background-color has-text-color has-background has-link-color has-medium-font-size wp-elements-e3114c48dae3fcc8ff4c7f1a026f3ea1\"><strong>3.6.2024 Yhteislaulujen avaus<\/strong><\/p>\n\n\n\n<figure class=\"wp-block-image size-full\"><img loading=\"lazy\" decoding=\"async\" width=\"1024\" height=\"319\" src=\"https:\/\/soitannollinenkerho.com\/wordpress\/wp-content\/uploads\/20240603_172934-3.6.2024-1200xtx-1024x319-1.jpg\" alt=\"\" class=\"wp-image-1234\" srcset=\"http:\/\/soitannollinenkerho.com\/wordpress\/wp-content\/uploads\/20240603_172934-3.6.2024-1200xtx-1024x319-1.jpg 1024w, http:\/\/soitannollinenkerho.com\/wordpress\/wp-content\/uploads\/20240603_172934-3.6.2024-1200xtx-1024x319-1-300x93.jpg 300w, http:\/\/soitannollinenkerho.com\/wordpress\/wp-content\/uploads\/20240603_172934-3.6.2024-1200xtx-1024x319-1-768x239.jpg 768w\" sizes=\"auto, (max-width: 1024px) 100vw, 1024px\" \/><\/figure>\n\n\n\n<p class=\"has-black-color has-luminous-vivid-amber-background-color has-text-color has-background has-link-color has-medium-font-size wp-elements-0ea3cfdf48480fc4c184f94e4f234ebc\"><strong>Suvi suloinen &#8211; kes\u00e4kauden avaus Turun p\u00e4\u00e4kirjaston pihalla 27.5.2024<\/strong><\/p>\n\n\n\n<figure class=\"wp-block-image size-full\"><img loading=\"lazy\" decoding=\"async\" width=\"810\" height=\"510\" src=\"https:\/\/soitannollinenkerho.com\/wordpress\/wp-content\/uploads\/kuva-1-1-1.png\" alt=\"\" class=\"wp-image-1239\" srcset=\"http:\/\/soitannollinenkerho.com\/wordpress\/wp-content\/uploads\/kuva-1-1-1.png 810w, http:\/\/soitannollinenkerho.com\/wordpress\/wp-content\/uploads\/kuva-1-1-1-300x189.png 300w, http:\/\/soitannollinenkerho.com\/wordpress\/wp-content\/uploads\/kuva-1-1-1-768x484.png 768w\" sizes=\"auto, (max-width: 810px) 100vw, 810px\" \/><\/figure>\n\n\n\n<p class=\"has-black-color has-text-color has-link-color has-medium-font-size wp-elements-9743ecfb887b0bcbd756596c5fcadd76\">Suvi suloinen-perinnett\u00e4&#8230; Miina \u00c4kkijyrk\u00e4n tekem\u00e4n Mellu-vasikan kukitus kukkaseppeleell\u00e4.<\/p>\n\n\n\n<figure class=\"wp-block-image size-full\"><img loading=\"lazy\" decoding=\"async\" width=\"1014\" height=\"577\" src=\"https:\/\/soitannollinenkerho.com\/wordpress\/wp-content\/uploads\/20240531_110234-kukitettu-1000xtx.jpg\" alt=\"\" class=\"wp-image-1240\" srcset=\"http:\/\/soitannollinenkerho.com\/wordpress\/wp-content\/uploads\/20240531_110234-kukitettu-1000xtx.jpg 1014w, http:\/\/soitannollinenkerho.com\/wordpress\/wp-content\/uploads\/20240531_110234-kukitettu-1000xtx-300x171.jpg 300w, http:\/\/soitannollinenkerho.com\/wordpress\/wp-content\/uploads\/20240531_110234-kukitettu-1000xtx-768x437.jpg 768w\" sizes=\"auto, (max-width: 1014px) 100vw, 1014px\" \/><\/figure>\n","protected":false},"excerpt":{"rendered":"<p>SOITANNOLLISEN KERHON KES\u00c4\u00c4 KIRJASTONPIHALLA 2024 Kes\u00e4kausi p\u00e4\u00e4tettiin tiistaina 20.8.2024 Katutanssien merkeiss\u00e4 ja hieman haikeissa merkeiss\u00e4, koska tied\u00e4mme ett\u00e4 kest\u00e4\u00e4 tovin aikaa ensi kes\u00e4\u00e4n&#8230; Tanssittajina Taina Laiho ja Anne-Marie Tuominen, sek\u00e4 [&hellip;]<\/p>\n","protected":false},"author":4,"featured_media":0,"comment_status":"closed","ping_status":"closed","sticky":false,"template":"","format":"standard","meta":{"footnotes":""},"categories":[3],"tags":[],"class_list":{"0":"post-1216","1":"post","2":"type-post","3":"status-publish","4":"format-standard","6":"category-uutiset","7":"czr-hentry"},"_links":{"self":[{"href":"http:\/\/soitannollinenkerho.com\/wordpress\/index.php?rest_route=\/wp\/v2\/posts\/1216","targetHints":{"allow":["GET"]}}],"collection":[{"href":"http:\/\/soitannollinenkerho.com\/wordpress\/index.php?rest_route=\/wp\/v2\/posts"}],"about":[{"href":"http:\/\/soitannollinenkerho.com\/wordpress\/index.php?rest_route=\/wp\/v2\/types\/post"}],"author":[{"embeddable":true,"href":"http:\/\/soitannollinenkerho.com\/wordpress\/index.php?rest_route=\/wp\/v2\/users\/4"}],"replies":[{"embeddable":true,"href":"http:\/\/soitannollinenkerho.com\/wordpress\/index.php?rest_route=%2Fwp%2Fv2%2Fcomments&post=1216"}],"version-history":[{"count":45,"href":"http:\/\/soitannollinenkerho.com\/wordpress\/index.php?rest_route=\/wp\/v2\/posts\/1216\/revisions"}],"predecessor-version":[{"id":1854,"href":"http:\/\/soitannollinenkerho.com\/wordpress\/index.php?rest_route=\/wp\/v2\/posts\/1216\/revisions\/1854"}],"wp:attachment":[{"href":"http:\/\/soitannollinenkerho.com\/wordpress\/index.php?rest_route=%2Fwp%2Fv2%2Fmedia&parent=1216"}],"wp:term":[{"taxonomy":"category","embeddable":true,"href":"http:\/\/soitannollinenkerho.com\/wordpress\/index.php?rest_route=%2Fwp%2Fv2%2Fcategories&post=1216"},{"taxonomy":"post_tag","embeddable":true,"href":"http:\/\/soitannollinenkerho.com\/wordpress\/index.php?rest_route=%2Fwp%2Fv2%2Ftags&post=1216"}],"curies":[{"name":"wp","href":"https:\/\/api.w.org\/{rel}","templated":true}]}}